{"id":1879,"date":"2022-09-22T18:21:20","date_gmt":"2022-09-22T16:21:20","guid":{"rendered":"https:\/\/www.findunucleaire.be\/wp\/?p=1879"},"modified":"2024-10-17T16:10:07","modified_gmt":"2024-10-17T14:10:07","slug":"grande-manifestation-contre-lextension-de-liege-airport","status":"publish","type":"post","link":"https:\/\/www.findunucleaire.be\/wp\/grande-manifestation-contre-lextension-de-liege-airport\/","title":{"rendered":"Grande manifestation contre l&rsquo;extension de Li\u00e8ge Airport"},"content":{"rendered":"\n<p>Bonjour les amies et amis,&nbsp;<\/p>\n\n\n\n<p>Alibaba est l\u00e0, m\u00eame si on n\u2019en veut pas !<\/p>\n\n\n\n<p>Ce qu\u2019on ne veut pas , en tout cas, c\u2019est l\u2019extension de Li\u00e8ge Airport : projet \u2014&gt; &nbsp;70.000 vols\/ann\u00e9e au lieu de 39.000.&nbsp;<\/p>\n\n\n\n<p>Imaginez les cons\u00e9quences en mati\u00e8re de bruit &#8211; de pollution aux particules fines &#8211;<strong>d\u2019\u00e9missions de gaz \u00e0 effet de serre&nbsp;<\/strong>&#8211; de trafic de camions &#8211; de b\u00e9tonnisation des terres fertiles de la Hesbaye &#8211; etc<\/p>\n\n\n\n<p>Le fonctionnaire-d\u00e9l\u00e9gu\u00e9 de la R\u00e9gion wallonne a donn\u00e9 son feu vert avec des conditions (exemple: moins de vols- des avions plus performants et moins bruyants- moins de vols de nuit) \u2026 Li\u00e8ge Airport a &nbsp;d\u00e9pos\u00e9 un recourt &nbsp;contre ce \u201cpermis d\u2019exploiter sous conditions .<\/p>\n\n\n\n<p>Plus que jamais c\u2019est le moment de montrer aux Ministres comp\u00e9tents ( Mr Borsu et Mme Tellier) que de nombreux citoyens n\u2019en veulent pas ! Contraire aux objectifs climatiques &#8211; \u00e0 la sobri\u00e9t\u00e9 \u00e9nerg\u00e9tique &#8211; au droit de vivre dans un environnement sain (Droit Humain) &#8230;<\/p>\n\n\n\n<p><strong><u class=\"\">Soyez nombreux \u00e0 venir \u00e0 la grande manifestation citoyenne contre l\u2019extension de l\u2019a\u00e9roport de Li\u00e8ge qui aura lieu le dimanche 25 septembre&nbsp;!&nbsp;<br><\/u><\/strong><br><\/p>\n\n\n\n<figure class=\"wp-block-image size-full\"><img loading=\"lazy\" decoding=\"async\" width=\"3175\" height=\"4490\" src=\"https:\/\/www.findunucleaire.be\/wp\/wp-content\/uploads\/2022\/09\/Affiche-manif-25-septembre.png\" alt=\"\" class=\"wp-image-1881\" srcset=\"https:\/\/www.findunucleaire.be\/wp\/wp-content\/uploads\/2022\/09\/Affiche-manif-25-septembre.png 3175w, https:\/\/www.findunucleaire.be\/wp\/wp-content\/uploads\/2022\/09\/Affiche-manif-25-septembre-212x300.png 212w\" sizes=\"auto, (max-width: 767px) 89vw, (max-width: 1000px) 54vw, (max-width: 1071px) 543px, 580px\" \/><\/figure>\n\n\n\n<p>Au c\u00f4t\u00e9 de plus de 80 associations et de 40 personnalit\u00e9s de la soci\u00e9t\u00e9 civile, nous convergerons vers l&rsquo;esplanade des Guilemins, point de&nbsp;&nbsp;rassemblement des 3 cort\u00e8ges pr\u00e9sent\u00e9s ci-dessous.&nbsp;<br><br>Les cort\u00e8ges | rendez-vous \u00e0 14h00 :&nbsp;<br><br>1.&nbsp;&nbsp;&nbsp;&nbsp;&nbsp;&nbsp;&nbsp;&nbsp;&nbsp;&nbsp; Parking de l\u2019a\u00e9roport de Bierset \u2013 Terminal voyageurs (cort\u00e8ge de cyclistes) = \u00ab STOP \u00bb : enterrement ancien monde, code couleur noir, \u00ab&nbsp;ambiance fun\u00e8bre&nbsp;\u00bb.&nbsp;<br><br>2.&nbsp;&nbsp;&nbsp;&nbsp;&nbsp;&nbsp;&nbsp;&nbsp;&nbsp;&nbsp; Thier de la Chartreuse ZAD \u2013 Entr\u00e9e du fort (marche) = \u00ab RESISTER \u00bb : \u00e0 l\u2019image de la ZAD, code couleur rouge.&nbsp;<br><br>3.&nbsp;&nbsp;&nbsp;&nbsp;&nbsp;&nbsp;&nbsp;&nbsp;&nbsp;&nbsp; Saint-Lambert (marche) \u2013 \u00ab IMAGINER \u00bb : pi\u00e9tons, ambiance \u00ab nouveaux mod\u00e8les \u00bb, code couleur : arc-en-ciel.&nbsp;<br><br><strong>Rassemblement des cort\u00e8ges \u00e0 l\u2019esplanade des Guillemins vers 16h00 (discours, musique) | Fin de l&rsquo;\u00e9v\u00e9nement pr\u00e9vue vers 18h30&nbsp;<\/strong><br><br>`<\/p>\n\n\n\n<p>Bien cordialement ,<\/p>\n\n\n\n<p>Christine Gonda<\/p>\n","protected":false},"excerpt":{"rendered":"<p>Bonjour les amies et amis,&nbsp; Alibaba est l\u00e0, m\u00eame si on n\u2019en veut pas ! Ce qu\u2019on ne veut pas , en tout cas, c\u2019est l\u2019extension de Li\u00e8ge Airport : projet \u2014&gt; &nbsp;70.000 vols\/ann\u00e9e au lieu de 39.000.&nbsp; Imaginez les cons\u00e9quences en mati\u00e8re de bruit &#8211; de pollution aux particules fines &#8211;d\u2019\u00e9missions de gaz \u00e0 &hellip; <\/p>\n<p class=\"link-more\"><a href=\"https:\/\/www.findunucleaire.be\/wp\/grande-manifestation-contre-lextension-de-liege-airport\/\" class=\"more-link\">Continuer la lecture<span class=\"screen-reader-text\"> de &laquo;&nbsp;Grande manifestation contre l&rsquo;extension de Li\u00e8ge Airport&nbsp;&raquo;<\/span><\/a><\/p>\n","protected":false},"author":4,"featured_media":1882,"comment_status":"closed","ping_status":"open","sticky":false,"template":"","format":"standard","meta":{"footnotes":""},"categories":[1],"tags":[],"class_list":["post-1879","post","type-post","status-publish","format-standard","has-post-thumbnail","hentry","category-uncategorized"],"_links":{"self":[{"href":"https:\/\/www.findunucleaire.be\/wp\/wp-json\/wp\/v2\/posts\/1879","targetHints":{"allow":["GET"]}}],"collection":[{"href":"https:\/\/www.findunucleaire.be\/wp\/wp-json\/wp\/v2\/posts"}],"about":[{"href":"https:\/\/www.findunucleaire.be\/wp\/wp-json\/wp\/v2\/types\/post"}],"author":[{"embeddable":true,"href":"https:\/\/www.findunucleaire.be\/wp\/wp-json\/wp\/v2\/users\/4"}],"replies":[{"embeddable":true,"href":"https:\/\/www.findunucleaire.be\/wp\/wp-json\/wp\/v2\/comments?post=1879"}],"version-history":[{"count":3,"href":"https:\/\/www.findunucleaire.be\/wp\/wp-json\/wp\/v2\/posts\/1879\/revisions"}],"predecessor-version":[{"id":1884,"href":"https:\/\/www.findunucleaire.be\/wp\/wp-json\/wp\/v2\/posts\/1879\/revisions\/1884"}],"wp:featuredmedia":[{"embeddable":true,"href":"https:\/\/www.findunucleaire.be\/wp\/wp-json\/wp\/v2\/media\/1882"}],"wp:attachment":[{"href":"https:\/\/www.findunucleaire.be\/wp\/wp-json\/wp\/v2\/media?parent=1879"}],"wp:term":[{"taxonomy":"category","embeddable":true,"href":"https:\/\/www.findunucleaire.be\/wp\/wp-json\/wp\/v2\/categories?post=1879"},{"taxonomy":"post_tag","embeddable":true,"href":"https:\/\/www.findunucleaire.be\/wp\/wp-json\/wp\/v2\/tags?post=1879"}],"curies":[{"name":"wp","href":"https:\/\/api.w.org\/{rel}","templated":true}]}}